{"id":1026,"date":"2024-01-31T18:54:15","date_gmt":"2024-01-31T17:54:15","guid":{"rendered":"https:\/\/api5962.fr\/?p=1026"},"modified":"2024-02-01T19:30:17","modified_gmt":"2024-02-01T18:30:17","slug":"france-3-des-racines-et-des-ailes-venise","status":"publish","type":"post","link":"https:\/\/api5962.fr\/index.php\/2024\/01\/31\/france-3-des-racines-et-des-ailes-venise\/","title":{"rendered":"France 3 : des racines et des ailes. Venise"},"content":{"rendered":"<div class=\"I_ZkbNhI D_FY W_6D6F\" data-test-id=\"message-view-body\">\n<div class=\"msg-body P_wpofO mq_AS\" data-test-id=\"message-view-body-content\">\n<div class=\"jb_0 X_6MGW N_6Fd5\">\n<div id=\"yiv0304661396\">\n<div class=\"yiv0304661396yahoo-style-wrap\">\n<div>\n<h2 style=\"text-align: center;\"><span style=\"color: #000080;\">\u00ab&nbsp;Des racines et des ailes&nbsp;\u00bb fait escale \u00e0 Venise<\/span><\/h2>\n<p><img loading=\"lazy\" decoding=\"async\" class=\"wp-image-1028 aligncenter\" src=\"http:\/\/api5962.fr\/wp-content\/uploads\/2024\/01\/carnevale-di-venezia-2024.jpg\" alt=\"\" width=\"380\" height=\"285\" srcset=\"https:\/\/api5962.fr\/wp-content\/uploads\/2024\/01\/carnevale-di-venezia-2024.jpg 1280w, https:\/\/api5962.fr\/wp-content\/uploads\/2024\/01\/carnevale-di-venezia-2024-300x225.jpg 300w, https:\/\/api5962.fr\/wp-content\/uploads\/2024\/01\/carnevale-di-venezia-2024-1024x768.jpg 1024w, https:\/\/api5962.fr\/wp-content\/uploads\/2024\/01\/carnevale-di-venezia-2024-768x576.jpg 768w\" sizes=\"auto, (max-width: 380px) 100vw, 380px\" \/><\/p>\n<\/div>\n<div dir=\"ltr\" style=\"text-align: center;\">\n<p><iframe loading=\"lazy\" title=\"Des racines et des ailes - Venise, entre lagune et carnaval\" frameborder=\"0\" width=\"800\" height=\"449\" src=\"https:\/\/geo.dailymotion.com\/player.html?video=x8rxzhk&#038;\" allowfullscreen allow=\"autoplay; fullscreen; picture-in-picture\"><\/iframe><\/p>\n<\/div>\n<div dir=\"ltr\" style=\"text-align: center;\">&nbsp;<\/div>\n<div dir=\"ltr\" style=\"text-align: center;\">Des racines et des ailes pose ses valises \u00e0 Venise, place Saint-Marc et dans de somptueux palais. Le magazine s\u2019arr\u00eate \u00e9galement \u00e0 Padoue.<\/div>\n<div dir=\"ltr\" style=\"text-align: center;\">&nbsp;<\/div>\n<div dir=\"ltr\" style=\"text-align: center;\">C\u2019est \u00e0 ce moment de \u00ab fi\u00e8vre collective \u00bb que&nbsp;<em>Des racines et des ailes<\/em>&nbsp;a choisi de consacrer son magazine de ce <span style=\"color: #ff0000;\"><strong>mercredi 31 janvier<\/strong><\/span>, sur <strong><span style=\"color: #339966;\"><i>France 3<\/i><\/span><\/strong><\/div>\n<div dir=\"ltr\">\n<div style=\"text-align: center;\">&nbsp;<\/div>\n<p style=\"text-align: center;\">De la foule de la place Saint-Marc \u00e0 l\u2019ambiance feutr\u00e9e des plus beaux palais v\u00e9nitiens, on croise d\u2019\u00e9tonnants personnages&nbsp;: Antonia Sautter, l\u2019organisatrice du tr\u00e8s pris\u00e9 bal du Doge&nbsp;;<\/p>\n<p style=\"text-align: center;\">la Marseillaise \u00c9liane Damlejian qui n\u2019a pas manqu\u00e9 un carnaval depuis 25&nbsp;ans\u2026<\/p>\n<p style=\"text-align: center;\">Ce num\u00e9ro in\u00e9dit est \u00e9galement l\u2019occasion de d\u00e9couvrir les tr\u00e9sors architecturaux de la lagune&nbsp;; de visiter Padoue, rivale de Venise et ville aux cent fresques class\u00e9es au patrimoine mondial de l\u2019Unesco&nbsp;;<\/p>\n<p style=\"text-align: center;\">d\u2019accoster \u00e0 la somptueuse villa Sandi, <strong>construite en 1622, la maison de famille de Giancarlo Moretti Polegat<\/strong>o, troisi\u00e8me g\u00e9n\u00e9ration de producteurs du vin p\u00e9tillant prosecco\u2026<\/p>\n<\/div>\n<\/div>\n<\/div>\n<\/div>\n<div class=\"jb_0 X_6MGW N_6Fd5\">\n<div class=\"\">\n<div>\n<div class=\"qtd-body\">\n<div id=\"yiv0304661396yqtfd99056\" class=\"yiv0304661396yqt5119781078\">\n<div>&nbsp;<\/div>\n<\/div>\n<\/div>\n<\/div>\n<\/div>\n<\/div>\n<\/div>\n<div class=\"jb_0 X_6MGW N_6Fd5\">&nbsp;<\/div>\n<\/div>\n<div class=\"H_7jIs D_F ab_C Q_69H5 E_36RhU\" data-test-id=\"toolbar-hover-area\">\n<div class=\"D_F W_6D6F r_BN gl_C\" data-test-id=\"card-toolbar\">&nbsp;<\/div>\n<\/div>\n","protected":false},"excerpt":{"rendered":"<p>\u00ab&nbsp;Des racines et des ailes&nbsp;\u00bb fait escale \u00e0 Venise &nbsp; Des racines et des ailes pose ses valises \u00e0 Venise,<\/p>\n","protected":false},"author":2,"featured_media":0,"comment_status":"open","ping_status":"open","sticky":false,"template":"","format":"standard","meta":{"colormag_page_container_layout":"default_layout","colormag_page_sidebar_layout":"default_layout","footnotes":""},"categories":[20],"tags":[],"class_list":["post-1026","post","type-post","status-publish","format-standard","hentry","category-documentaires-et-reportages"],"_links":{"self":[{"href":"https:\/\/api5962.fr\/index.php\/wp-json\/wp\/v2\/posts\/1026","targetHints":{"allow":["GET"]}}],"collection":[{"href":"https:\/\/api5962.fr\/index.php\/wp-json\/wp\/v2\/posts"}],"about":[{"href":"https:\/\/api5962.fr\/index.php\/wp-json\/wp\/v2\/types\/post"}],"author":[{"embeddable":true,"href":"https:\/\/api5962.fr\/index.php\/wp-json\/wp\/v2\/users\/2"}],"replies":[{"embeddable":true,"href":"https:\/\/api5962.fr\/index.php\/wp-json\/wp\/v2\/comments?post=1026"}],"version-history":[{"count":6,"href":"https:\/\/api5962.fr\/index.php\/wp-json\/wp\/v2\/posts\/1026\/revisions"}],"predecessor-version":[{"id":1075,"href":"https:\/\/api5962.fr\/index.php\/wp-json\/wp\/v2\/posts\/1026\/revisions\/1075"}],"wp:attachment":[{"href":"https:\/\/api5962.fr\/index.php\/wp-json\/wp\/v2\/media?parent=1026"}],"wp:term":[{"taxonomy":"category","embeddable":true,"href":"https:\/\/api5962.fr\/index.php\/wp-json\/wp\/v2\/categories?post=1026"},{"taxonomy":"post_tag","embeddable":true,"href":"https:\/\/api5962.fr\/index.php\/wp-json\/wp\/v2\/tags?post=1026"}],"curies":[{"name":"wp","href":"https:\/\/api.w.org\/{rel}","templated":true}]}}