{"id":985,"date":"2024-01-28T20:38:29","date_gmt":"2024-01-28T19:38:29","guid":{"rendered":"https:\/\/api5962.fr\/?p=985"},"modified":"2024-01-28T20:58:19","modified_gmt":"2024-01-28T19:58:19","slug":"arte-tragedie-sur-le-nanga-parbat","status":"publish","type":"post","link":"https:\/\/api5962.fr\/index.php\/2024\/01\/28\/arte-tragedie-sur-le-nanga-parbat\/","title":{"rendered":"Arte : Trag\u00e9die sur le Nanga Parbat"},"content":{"rendered":"<p><img loading=\"lazy\" decoding=\"async\" class=\"wp-image-986 aligncenter\" src=\"http:\/\/api5962.fr\/wp-content\/uploads\/2024\/01\/tragedie.jpg\" alt=\"\" width=\"182\" height=\"240\" srcset=\"https:\/\/api5962.fr\/wp-content\/uploads\/2024\/01\/tragedie.jpg 446w, https:\/\/api5962.fr\/wp-content\/uploads\/2024\/01\/tragedie-228x300.jpg 228w\" sizes=\"auto, (max-width: 182px) 100vw, 182px\" \/><\/p>\n<p style=\"text-align: center;\"><strong>Une tragique exp\u00e9dition dans l\u2019Himalaya, racont\u00e9e par le grand alpiniste <span style=\"color: #ff0000;\">Reinhold Messner<\/span> (n\u00e9 en 1944 \u00e0 Bressanone),<\/strong><\/p>\n<p style=\"text-align: center;\">qui y perdit son fr\u00e8re en 1970, emport\u00e9 par une avalanche lors de la descente. Un r\u00e9cit \u00e9pique dans un d\u00e9cor grandiose.<\/p>\n<p><img loading=\"lazy\" decoding=\"async\" class=\"aligncenter\" src=\"https:\/\/api-cdn.arte.tv\/img\/v2\/image\/oQULqQWzWaYak4DZXwe8vm\/1920x1080?type=TEXT&amp;watermark=true\" alt=\"Trag\u00e9die sur le Nanga Parbat - Regarder le documentaire complet | ARTE\" width=\"468\" height=\"263\"> &nbsp;<\/p>\n<p style=\"text-align: center;\"><strong>Reinhold Messner est un alpiniste accompli<\/strong> <em>qui a fait de sa passion son m\u00e9tier.<\/em><\/p>\n<h5 style=\"text-align: center;\"><em><strong><span style=\"color: #993366;\">Reinhold Messner est le premier homme \u00e0 avoir gravi les sommets des 14 sommets de plus de 8000 m\u00e8tres.<\/span><\/strong><\/em><\/h5>\n<p style=\"text-align: center;\">Il a d\u00e9couvert son amour pour l&#8217;alpinisme d\u00e8s son enfance et a gravi son premier sommet de plus de 3 000 m\u00e8tres avec son p\u00e8re \u00e0 l&#8217;\u00e2ge de cinq ans.<\/p>\n<p style=\"text-align: center;\">Apr\u00e8s des \u00e9tudes techniques, il a travaill\u00e9 un an comme professeur de math\u00e9matiques dans une \u00e9cole secondaire avant de d\u00e9cider de se consacrer enti\u00e8rement \u00e0 l&#8217;alpinisme.<\/p>\n<p style=\"text-align: center;\">Peu de temps apr\u00e8s, il gravit d\u00e9j\u00e0 les plus hautes montagnes du monde.<\/p>\n","protected":false},"excerpt":{"rendered":"<p>Une tragique exp\u00e9dition dans l\u2019Himalaya, racont\u00e9e par le grand alpiniste Reinhold Messner (n\u00e9 en 1944 \u00e0 Bressanone), qui y perdit<\/p>\n","protected":false},"author":2,"featured_media":0,"comment_status":"open","ping_status":"open","sticky":false,"template":"","format":"standard","meta":{"colormag_page_container_layout":"default_layout","colormag_page_sidebar_layout":"default_layout","footnotes":""},"categories":[20],"tags":[],"class_list":["post-985","post","type-post","status-publish","format-standard","hentry","category-documentaires-et-reportages"],"_links":{"self":[{"href":"https:\/\/api5962.fr\/index.php\/wp-json\/wp\/v2\/posts\/985","targetHints":{"allow":["GET"]}}],"collection":[{"href":"https:\/\/api5962.fr\/index.php\/wp-json\/wp\/v2\/posts"}],"about":[{"href":"https:\/\/api5962.fr\/index.php\/wp-json\/wp\/v2\/types\/post"}],"author":[{"embeddable":true,"href":"https:\/\/api5962.fr\/index.php\/wp-json\/wp\/v2\/users\/2"}],"replies":[{"embeddable":true,"href":"https:\/\/api5962.fr\/index.php\/wp-json\/wp\/v2\/comments?post=985"}],"version-history":[{"count":3,"href":"https:\/\/api5962.fr\/index.php\/wp-json\/wp\/v2\/posts\/985\/revisions"}],"predecessor-version":[{"id":989,"href":"https:\/\/api5962.fr\/index.php\/wp-json\/wp\/v2\/posts\/985\/revisions\/989"}],"wp:attachment":[{"href":"https:\/\/api5962.fr\/index.php\/wp-json\/wp\/v2\/media?parent=985"}],"wp:term":[{"taxonomy":"category","embeddable":true,"href":"https:\/\/api5962.fr\/index.php\/wp-json\/wp\/v2\/categories?post=985"},{"taxonomy":"post_tag","embeddable":true,"href":"https:\/\/api5962.fr\/index.php\/wp-json\/wp\/v2\/tags?post=985"}],"curies":[{"name":"wp","href":"https:\/\/api.w.org\/{rel}","templated":true}]}}